{"id":36980,"date":"2026-09-04T12:17:00","date_gmt":"2026-09-04T09:17:00","guid":{"rendered":"https:\/\/jaaaeg.ee\/?p=36980"},"modified":"2026-09-04T12:17:38","modified_gmt":"2026-09-04T09:17:38","slug":"jaaaja-keskus-is-closed-on-8-september","status":"publish","type":"post","link":"https:\/\/jaaaeg.ee\/lv\/jaaaja-keskus-is-closed-on-8-september\/","title":{"rendered":"J\u00e4\u00e4aja Keskus is closed on 8 September"},"content":{"rendered":"<p>That day, our team will be taking a little time together at our autumn team day, getting ready for the new season.<\/p>\n","protected":false},"excerpt":{"rendered":"That day, our team will be taking a little time together at our autumn team day, getting ready for the new season.","protected":false},"author":11,"featured_media":0,"comment_status":"closed","ping_status":"closed","sticky":false,"template":"","format":"standard","meta":{"_acf_changed":false,"ngg_post_thumbnail":0,"footnotes":""},"categories":[70,71,82,75],"tags":[],"class_list":["post-36980","post","type-post","status-publish","format-standard","hentry","category-kuva-esilehel-lv","category-news-lv","category-teated-lv","category-uritus-lv"],"acf":[],"yoast_head":"<!-- This site is optimized with the Yoast SEO plugin v28.4 - https:\/\/yoast.com\/product\/yoast-seo-wordpress\/ -->\n<title>J\u00e4\u00e4aja Keskus is closed on 8 September - J\u00e4\u00e4aja Keskus<\/title>\n<meta name=\"robots\" content=\"index, follow, max-snippet:-1, max-image-preview:large, max-video-preview:-1\" \/>\n<link rel=\"canonical\" href=\"https:\/\/jaaaeg.ee\/lv\/jaaaja-keskus-is-closed-on-8-september\/\" \/>\n<meta property=\"og:locale\" content=\"lv_LV\" \/>\n<meta property=\"og:type\" content=\"article\" \/>\n<meta property=\"og:title\" content=\"J\u00e4\u00e4aja Keskus is closed on 8 September - J\u00e4\u00e4aja Keskus\" \/>\n<meta property=\"og:description\" content=\"That day, our team will be taking a little time together at our autumn team day, getting ready for the new season.\" \/>\n<meta property=\"og:url\" content=\"https:\/\/jaaaeg.ee\/lv\/jaaaja-keskus-is-closed-on-8-september\/\" \/>\n<meta property=\"og:site_name\" content=\"J\u00e4\u00e4aja Keskus\" \/>\n<meta property=\"article:publisher\" content=\"https:\/\/www.facebook.com\/JaaajaKeskus\/\" \/>\n<meta property=\"article:published_time\" content=\"2026-09-04T09:17:00+00:00\" \/>\n<meta property=\"article:modified_time\" content=\"2026-09-04T09:17:38+00:00\" \/>\n<meta name=\"author\" content=\"Marget Toots\" \/>\n<meta name=\"twitter:card\" content=\"summary_large_image\" \/>\n<meta name=\"twitter:label1\" content=\"Written by\" \/>\n\t<meta name=\"twitter:data1\" content=\"Marget Toots\" \/>\n\t<meta name=\"twitter:label2\" content=\"Est. reading time\" \/>\n\t<meta name=\"twitter:data2\" content=\"1 minute\" \/>\n<script type=\"application\/ld+json\" class=\"yoast-schema-graph\">{\"@context\":\"https:\\\/\\\/schema.org\",\"@graph\":[{\"@type\":\"Article\",\"@id\":\"https:\\\/\\\/jaaaeg.ee\\\/lv\\\/jaaaja-keskus-is-closed-on-8-september\\\/#article\",\"isPartOf\":{\"@id\":\"https:\\\/\\\/jaaaeg.ee\\\/lv\\\/jaaaja-keskus-is-closed-on-8-september\\\/\"},\"author\":{\"name\":\"Marget Toots\",\"@id\":\"https:\\\/\\\/jaaaeg.ee\\\/ru\\\/#\\\/schema\\\/person\\\/e9920b10e5dd8aad14ab7554b126c758\"},\"headline\":\"J\u00e4\u00e4aja Keskus is closed on 8 September\",\"datePublished\":\"2026-09-04T09:17:00+00:00\",\"dateModified\":\"2026-09-04T09:17:38+00:00\",\"mainEntityOfPage\":{\"@id\":\"https:\\\/\\\/jaaaeg.ee\\\/lv\\\/jaaaja-keskus-is-closed-on-8-september\\\/\"},\"wordCount\":29,\"articleSection\":[\"Kuva esilehel\",\"News\",\"Teated\",\"\u00dcritus\"],\"inLanguage\":\"lv-LV\"},{\"@type\":\"WebPage\",\"@id\":\"https:\\\/\\\/jaaaeg.ee\\\/lv\\\/jaaaja-keskus-is-closed-on-8-september\\\/\",\"url\":\"https:\\\/\\\/jaaaeg.ee\\\/lv\\\/jaaaja-keskus-is-closed-on-8-september\\\/\",\"name\":\"J\u00e4\u00e4aja Keskus is closed on 8 September - J\u00e4\u00e4aja Keskus\",\"isPartOf\":{\"@id\":\"https:\\\/\\\/jaaaeg.ee\\\/ru\\\/#website\"},\"datePublished\":\"2026-09-04T09:17:00+00:00\",\"dateModified\":\"2026-09-04T09:17:38+00:00\",\"author\":{\"@id\":\"https:\\\/\\\/jaaaeg.ee\\\/ru\\\/#\\\/schema\\\/person\\\/e9920b10e5dd8aad14ab7554b126c758\"},\"breadcrumb\":{\"@id\":\"https:\\\/\\\/jaaaeg.ee\\\/lv\\\/jaaaja-keskus-is-closed-on-8-september\\\/#breadcrumb\"},\"inLanguage\":\"lv-LV\",\"potentialAction\":[{\"@type\":\"ReadAction\",\"target\":[\"https:\\\/\\\/jaaaeg.ee\\\/lv\\\/jaaaja-keskus-is-closed-on-8-september\\\/\"]}]},{\"@type\":\"BreadcrumbList\",\"@id\":\"https:\\\/\\\/jaaaeg.ee\\\/lv\\\/jaaaja-keskus-is-closed-on-8-september\\\/#breadcrumb\",\"itemListElement\":[{\"@type\":\"ListItem\",\"position\":1,\"name\":\"Home\",\"item\":\"https:\\\/\\\/jaaaeg.ee\\\/lv\\\/\"},{\"@type\":\"ListItem\",\"position\":2,\"name\":\"J\u00e4\u00e4aja Keskus is closed on 8 September\"}]},{\"@type\":\"WebSite\",\"@id\":\"https:\\\/\\\/jaaaeg.ee\\\/ru\\\/#website\",\"url\":\"https:\\\/\\\/jaaaeg.ee\\\/ru\\\/\",\"name\":\"J\u00e4\u00e4aja Keskus\",\"description\":\"avastamisr\u00f5\u00f5m igas vanuses k\u00fclastajatele\",\"potentialAction\":[{\"@type\":\"SearchAction\",\"target\":{\"@type\":\"EntryPoint\",\"urlTemplate\":\"https:\\\/\\\/jaaaeg.ee\\\/ru\\\/?s={search_term_string}\"},\"query-input\":{\"@type\":\"PropertyValueSpecification\",\"valueRequired\":true,\"valueName\":\"search_term_string\"}}],\"inLanguage\":\"lv-LV\"},{\"@type\":\"Person\",\"@id\":\"https:\\\/\\\/jaaaeg.ee\\\/ru\\\/#\\\/schema\\\/person\\\/e9920b10e5dd8aad14ab7554b126c758\",\"name\":\"Marget Toots\",\"image\":{\"@type\":\"ImageObject\",\"inLanguage\":\"lv-LV\",\"@id\":\"https:\\\/\\\/secure.gravatar.com\\\/avatar\\\/666180083e6a48ed4fa4ea4149bcfb97137cdfbacece6396d3d322b71edcf02d?s=96&d=mm&r=g\",\"url\":\"https:\\\/\\\/secure.gravatar.com\\\/avatar\\\/666180083e6a48ed4fa4ea4149bcfb97137cdfbacece6396d3d322b71edcf02d?s=96&d=mm&r=g\",\"contentUrl\":\"https:\\\/\\\/secure.gravatar.com\\\/avatar\\\/666180083e6a48ed4fa4ea4149bcfb97137cdfbacece6396d3d322b71edcf02d?s=96&d=mm&r=g\",\"caption\":\"Marget Toots\"},\"url\":\"https:\\\/\\\/jaaaeg.ee\\\/lv\\\/author\\\/marget\\\/\"}]}<\/script>\n<!-- \/ Yoast SEO plugin. -->","yoast_head_json":{"title":"J\u00e4\u00e4aja Keskus is closed on 8 September - J\u00e4\u00e4aja Keskus","robots":{"index":"index","follow":"follow","max-snippet":"max-snippet:-1","max-image-preview":"max-image-preview:large","max-video-preview":"max-video-preview:-1"},"canonical":"https:\/\/jaaaeg.ee\/lv\/jaaaja-keskus-is-closed-on-8-september\/","og_locale":"lv_LV","og_type":"article","og_title":"J\u00e4\u00e4aja Keskus is closed on 8 September - J\u00e4\u00e4aja Keskus","og_description":"That day, our team will be taking a little time together at our autumn team day, getting ready for the new season.","og_url":"https:\/\/jaaaeg.ee\/lv\/jaaaja-keskus-is-closed-on-8-september\/","og_site_name":"J\u00e4\u00e4aja Keskus","article_publisher":"https:\/\/www.facebook.com\/JaaajaKeskus\/","article_published_time":"2026-09-04T09:17:00+00:00","article_modified_time":"2026-09-04T09:17:38+00:00","author":"Marget Toots","twitter_card":"summary_large_image","twitter_misc":{"Written by":"Marget Toots","Est. reading time":"1 minute"},"schema":{"@context":"https:\/\/schema.org","@graph":[{"@type":"Article","@id":"https:\/\/jaaaeg.ee\/lv\/jaaaja-keskus-is-closed-on-8-september\/#article","isPartOf":{"@id":"https:\/\/jaaaeg.ee\/lv\/jaaaja-keskus-is-closed-on-8-september\/"},"author":{"name":"Marget Toots","@id":"https:\/\/jaaaeg.ee\/ru\/#\/schema\/person\/e9920b10e5dd8aad14ab7554b126c758"},"headline":"J\u00e4\u00e4aja Keskus is closed on 8 September","datePublished":"2026-09-04T09:17:00+00:00","dateModified":"2026-09-04T09:17:38+00:00","mainEntityOfPage":{"@id":"https:\/\/jaaaeg.ee\/lv\/jaaaja-keskus-is-closed-on-8-september\/"},"wordCount":29,"articleSection":["Kuva esilehel","News","Teated","\u00dcritus"],"inLanguage":"lv-LV"},{"@type":"WebPage","@id":"https:\/\/jaaaeg.ee\/lv\/jaaaja-keskus-is-closed-on-8-september\/","url":"https:\/\/jaaaeg.ee\/lv\/jaaaja-keskus-is-closed-on-8-september\/","name":"J\u00e4\u00e4aja Keskus is closed on 8 September - J\u00e4\u00e4aja Keskus","isPartOf":{"@id":"https:\/\/jaaaeg.ee\/ru\/#website"},"datePublished":"2026-09-04T09:17:00+00:00","dateModified":"2026-09-04T09:17:38+00:00","author":{"@id":"https:\/\/jaaaeg.ee\/ru\/#\/schema\/person\/e9920b10e5dd8aad14ab7554b126c758"},"breadcrumb":{"@id":"https:\/\/jaaaeg.ee\/lv\/jaaaja-keskus-is-closed-on-8-september\/#breadcrumb"},"inLanguage":"lv-LV","potentialAction":[{"@type":"ReadAction","target":["https:\/\/jaaaeg.ee\/lv\/jaaaja-keskus-is-closed-on-8-september\/"]}]},{"@type":"BreadcrumbList","@id":"https:\/\/jaaaeg.ee\/lv\/jaaaja-keskus-is-closed-on-8-september\/#breadcrumb","itemListElement":[{"@type":"ListItem","position":1,"name":"Home","item":"https:\/\/jaaaeg.ee\/lv\/"},{"@type":"ListItem","position":2,"name":"J\u00e4\u00e4aja Keskus is closed on 8 September"}]},{"@type":"WebSite","@id":"https:\/\/jaaaeg.ee\/ru\/#website","url":"https:\/\/jaaaeg.ee\/ru\/","name":"J\u00e4\u00e4aja Keskus","description":"avastamisr\u00f5\u00f5m igas vanuses k\u00fclastajatele","potentialAction":[{"@type":"SearchAction","target":{"@type":"EntryPoint","urlTemplate":"https:\/\/jaaaeg.ee\/ru\/?s={search_term_string}"},"query-input":{"@type":"PropertyValueSpecification","valueRequired":true,"valueName":"search_term_string"}}],"inLanguage":"lv-LV"},{"@type":"Person","@id":"https:\/\/jaaaeg.ee\/ru\/#\/schema\/person\/e9920b10e5dd8aad14ab7554b126c758","name":"Marget Toots","image":{"@type":"ImageObject","inLanguage":"lv-LV","@id":"https:\/\/secure.gravatar.com\/avatar\/666180083e6a48ed4fa4ea4149bcfb97137cdfbacece6396d3d322b71edcf02d?s=96&d=mm&r=g","url":"https:\/\/secure.gravatar.com\/avatar\/666180083e6a48ed4fa4ea4149bcfb97137cdfbacece6396d3d322b71edcf02d?s=96&d=mm&r=g","contentUrl":"https:\/\/secure.gravatar.com\/avatar\/666180083e6a48ed4fa4ea4149bcfb97137cdfbacece6396d3d322b71edcf02d?s=96&d=mm&r=g","caption":"Marget Toots"},"url":"https:\/\/jaaaeg.ee\/lv\/author\/marget\/"}]}},"_links":{"self":[{"href":"https:\/\/jaaaeg.ee\/lv\/wp-json\/wp\/v2\/posts\/36980","targetHints":{"allow":["GET"]}}],"collection":[{"href":"https:\/\/jaaaeg.ee\/lv\/wp-json\/wp\/v2\/posts"}],"about":[{"href":"https:\/\/jaaaeg.ee\/lv\/wp-json\/wp\/v2\/types\/post"}],"author":[{"embeddable":true,"href":"https:\/\/jaaaeg.ee\/lv\/wp-json\/wp\/v2\/users\/11"}],"replies":[{"embeddable":true,"href":"https:\/\/jaaaeg.ee\/lv\/wp-json\/wp\/v2\/comments?post=36980"}],"version-history":[{"count":2,"href":"https:\/\/jaaaeg.ee\/lv\/wp-json\/wp\/v2\/posts\/36980\/revisions"}],"predecessor-version":[{"id":36983,"href":"https:\/\/jaaaeg.ee\/lv\/wp-json\/wp\/v2\/posts\/36980\/revisions\/36983"}],"wp:attachment":[{"href":"https:\/\/jaaaeg.ee\/lv\/wp-json\/wp\/v2\/media?parent=36980"}],"wp:term":[{"taxonomy":"category","embeddable":true,"href":"https:\/\/jaaaeg.ee\/lv\/wp-json\/wp\/v2\/categories?post=36980"},{"taxonomy":"post_tag","embeddable":true,"href":"https:\/\/jaaaeg.ee\/lv\/wp-json\/wp\/v2\/tags?post=36980"}],"curies":[{"name":"wp","href":"https:\/\/api.w.org\/{rel}","templated":true}]}}