{"id":34212,"date":"2026-04-29T14:52:20","date_gmt":"2026-04-29T11:52:20","guid":{"rendered":"https:\/\/jaaaeg.ee\/kevadpuha\/"},"modified":"2026-04-29T15:13:28","modified_gmt":"2026-04-29T12:13:28","slug":"kevadpuha","status":"publish","type":"post","link":"https:\/\/jaaaeg.ee\/lv\/kevadpuha\/","title":{"rendered":"Spring holiday"},"content":{"rendered":"<h2 data-section-id=\"1x1cs2q\" data-start=\"156\" data-end=\"198\">\ud83c\udf3f Spring Holiday at the Ice Age Centre<\/h2>\n<p data-start=\"200\" data-end=\"332\">On May 1, we are open and launching the summer season!<br data-start=\"254\" data-end=\"257\">This means the Ice Age Centre is now open <strong data-start=\"299\" data-end=\"331\">every day from 11 -18<\/strong><\/p>\n<p data-start=\"334\" data-end=\"488\">Bring the whole family and come explore the springtime shores of Lake Saadj\u00e4rv, while taking an exciting journey through the Ice Age, nature, and climate.<\/p>\n<h2 data-section-id=\"ofd0y3\" data-start=\"495\" data-end=\"528\">\ud83d\udea4 Raft rides on Lake Saadj\u00e4rv<\/h2>\n<p data-start=\"530\" data-end=\"635\">The raft season begins!<br data-start=\"553\" data-end=\"556\">On May 1, you can enjoy a peaceful ride on the lake at a special opening price:<\/p>\n<p data-start=\"637\" data-end=\"695\"><strong data-start=\"637\" data-end=\"653\">2 \u20ac \/ person<\/strong><br data-start=\"653\" data-end=\"656\"><strong data-start=\"656\" data-end=\"695\">Departures at 12, 13, 14, 15 and 16<\/strong><\/p>\n<p data-start=\"697\" data-end=\"764\">Spots are limited \u2013 we recommend booking your raft ride in advance!<\/p>\n<p data-start=\"771\" data-end=\"842\">On this day, the new caf\u00e9 <strong data-start=\"797\" data-end=\"816\">Saadj\u00e4rve Sahin<\/strong> will also open its doors.<\/p>\n<p data-start=\"844\" data-end=\"882\" data-is-last-node=\"\" data-is-only-node=\"\"><strong data-start=\"844\" data-end=\"882\" data-is-last-node=\"\">See you on May 1 by Lake Saadj\u00e4rv!<\/strong><\/p>\n","protected":false},"excerpt":{"rendered":"\ud83c\udf3f Spring Holiday at the Ice Age Centre On May 1, we are open and launching the summer season!This means the Ice Age Centre is now open every day from 11 -18 Bring the whole family and come explore the springtime shores of Lake Saadj\u00e4rv, while taking an exciting journey through the Ice Age, nature,&#8230; <a class=\"view-article\" href=\"https:\/\/jaaaeg.ee\/lv\/kevadpuha\/\">Las\u012bt vair\u0101k<\/a>","protected":false},"author":9,"featured_media":34206,"comment_status":"closed","ping_status":"closed","sticky":false,"template":"","format":"standard","meta":{"_acf_changed":false,"ngg_post_thumbnail":0,"footnotes":""},"categories":[70,75],"tags":[],"class_list":["post-34212","post","type-post","status-publish","format-standard","has-post-thumbnail","hentry","category-kuva-esilehel-lv","category-uritus-lv"],"acf":[],"yoast_head":"<!-- This site is optimized with the Yoast SEO plugin v27.5 - https:\/\/yoast.com\/product\/yoast-seo-wordpress\/ -->\n<title>Spring holiday - J\u00e4\u00e4aja Keskus<\/title>\n<meta name=\"robots\" content=\"index, follow, max-snippet:-1, max-image-preview:large, max-video-preview:-1\" \/>\n<link rel=\"canonical\" href=\"https:\/\/jaaaeg.ee\/lv\/kevadpuha\/\" \/>\n<meta property=\"og:locale\" content=\"lv_LV\" \/>\n<meta property=\"og:type\" content=\"article\" \/>\n<meta property=\"og:title\" content=\"Spring holiday - J\u00e4\u00e4aja Keskus\" \/>\n<meta property=\"og:description\" content=\"\ud83c\udf3f Spring Holiday at the Ice Age Centre On May 1, we are open and launching the summer season!This means the Ice Age Centre is now open every day from 11 -18 Bring the whole family and come explore the springtime shores of Lake Saadj\u00e4rv, while taking an exciting journey through the Ice Age, nature,... Las\u012bt vair\u0101k\" \/>\n<meta property=\"og:url\" content=\"https:\/\/jaaaeg.ee\/lv\/kevadpuha\/\" \/>\n<meta property=\"og:site_name\" content=\"J\u00e4\u00e4aja Keskus\" \/>\n<meta property=\"article:publisher\" content=\"https:\/\/www.facebook.com\/JaaajaKeskus\/\" \/>\n<meta property=\"article:published_time\" content=\"2026-04-29T11:52:20+00:00\" \/>\n<meta property=\"article:modified_time\" content=\"2026-04-29T12:13:28+00:00\" \/>\n<meta property=\"og:image\" content=\"https:\/\/jaaaeg.ee\/wp-content\/uploads\/2026\/04\/TELEKAS-_katrin_uued-ja-vanad-variandid-1-1-scaled.jpg\" \/>\n\t<meta property=\"og:image:width\" content=\"2560\" \/>\n\t<meta property=\"og:image:height\" content=\"1440\" \/>\n\t<meta property=\"og:image:type\" content=\"image\/jpeg\" \/>\n<meta name=\"author\" content=\"K\u00e4trin Beljaev\" \/>\n<meta name=\"twitter:card\" content=\"summary_large_image\" \/>\n<meta name=\"twitter:label1\" content=\"Written by\" \/>\n\t<meta name=\"twitter:data1\" content=\"K\u00e4trin Beljaev\" \/>\n\t<meta name=\"twitter:label2\" content=\"Est. reading time\" \/>\n\t<meta name=\"twitter:data2\" content=\"1 minute\" \/>\n<script type=\"application\/ld+json\" class=\"yoast-schema-graph\">{\"@context\":\"https:\\\/\\\/schema.org\",\"@graph\":[{\"@type\":\"Article\",\"@id\":\"https:\\\/\\\/jaaaeg.ee\\\/lv\\\/kevadpuha\\\/#article\",\"isPartOf\":{\"@id\":\"https:\\\/\\\/jaaaeg.ee\\\/lv\\\/kevadpuha\\\/\"},\"author\":{\"name\":\"K\u00e4trin Beljaev\",\"@id\":\"https:\\\/\\\/jaaaeg.ee\\\/ru\\\/#\\\/schema\\\/person\\\/a97b7447393885c5113030513992b091\"},\"headline\":\"Spring holiday\",\"datePublished\":\"2026-04-29T11:52:20+00:00\",\"dateModified\":\"2026-04-29T12:13:28+00:00\",\"mainEntityOfPage\":{\"@id\":\"https:\\\/\\\/jaaaeg.ee\\\/lv\\\/kevadpuha\\\/\"},\"wordCount\":121,\"image\":{\"@id\":\"https:\\\/\\\/jaaaeg.ee\\\/lv\\\/kevadpuha\\\/#primaryimage\"},\"thumbnailUrl\":\"https:\\\/\\\/jaaaeg.ee\\\/wp-content\\\/uploads\\\/2026\\\/04\\\/TELEKAS-_katrin_uued-ja-vanad-variandid-1-1-scaled.jpg\",\"articleSection\":[\"Kuva esilehel\",\"\u00dcritus\"],\"inLanguage\":\"lv-LV\"},{\"@type\":\"WebPage\",\"@id\":\"https:\\\/\\\/jaaaeg.ee\\\/lv\\\/kevadpuha\\\/\",\"url\":\"https:\\\/\\\/jaaaeg.ee\\\/lv\\\/kevadpuha\\\/\",\"name\":\"Spring holiday - J\u00e4\u00e4aja Keskus\",\"isPartOf\":{\"@id\":\"https:\\\/\\\/jaaaeg.ee\\\/ru\\\/#website\"},\"primaryImageOfPage\":{\"@id\":\"https:\\\/\\\/jaaaeg.ee\\\/lv\\\/kevadpuha\\\/#primaryimage\"},\"image\":{\"@id\":\"https:\\\/\\\/jaaaeg.ee\\\/lv\\\/kevadpuha\\\/#primaryimage\"},\"thumbnailUrl\":\"https:\\\/\\\/jaaaeg.ee\\\/wp-content\\\/uploads\\\/2026\\\/04\\\/TELEKAS-_katrin_uued-ja-vanad-variandid-1-1-scaled.jpg\",\"datePublished\":\"2026-04-29T11:52:20+00:00\",\"dateModified\":\"2026-04-29T12:13:28+00:00\",\"author\":{\"@id\":\"https:\\\/\\\/jaaaeg.ee\\\/ru\\\/#\\\/schema\\\/person\\\/a97b7447393885c5113030513992b091\"},\"breadcrumb\":{\"@id\":\"https:\\\/\\\/jaaaeg.ee\\\/lv\\\/kevadpuha\\\/#breadcrumb\"},\"inLanguage\":\"lv-LV\",\"potentialAction\":[{\"@type\":\"ReadAction\",\"target\":[\"https:\\\/\\\/jaaaeg.ee\\\/lv\\\/kevadpuha\\\/\"]}]},{\"@type\":\"ImageObject\",\"inLanguage\":\"lv-LV\",\"@id\":\"https:\\\/\\\/jaaaeg.ee\\\/lv\\\/kevadpuha\\\/#primaryimage\",\"url\":\"https:\\\/\\\/jaaaeg.ee\\\/wp-content\\\/uploads\\\/2026\\\/04\\\/TELEKAS-_katrin_uued-ja-vanad-variandid-1-1-scaled.jpg\",\"contentUrl\":\"https:\\\/\\\/jaaaeg.ee\\\/wp-content\\\/uploads\\\/2026\\\/04\\\/TELEKAS-_katrin_uued-ja-vanad-variandid-1-1-scaled.jpg\",\"width\":2560,\"height\":1440,\"caption\":\"kevadp\u00fcha 2026\"},{\"@type\":\"BreadcrumbList\",\"@id\":\"https:\\\/\\\/jaaaeg.ee\\\/lv\\\/kevadpuha\\\/#breadcrumb\",\"itemListElement\":[{\"@type\":\"ListItem\",\"position\":1,\"name\":\"Home\",\"item\":\"https:\\\/\\\/jaaaeg.ee\\\/lv\\\/\"},{\"@type\":\"ListItem\",\"position\":2,\"name\":\"Spring holiday\"}]},{\"@type\":\"WebSite\",\"@id\":\"https:\\\/\\\/jaaaeg.ee\\\/ru\\\/#website\",\"url\":\"https:\\\/\\\/jaaaeg.ee\\\/ru\\\/\",\"name\":\"J\u00e4\u00e4aja Keskus\",\"description\":\"avastamisr\u00f5\u00f5m igas vanuses k\u00fclastajatele\",\"potentialAction\":[{\"@type\":\"SearchAction\",\"target\":{\"@type\":\"EntryPoint\",\"urlTemplate\":\"https:\\\/\\\/jaaaeg.ee\\\/ru\\\/?s={search_term_string}\"},\"query-input\":{\"@type\":\"PropertyValueSpecification\",\"valueRequired\":true,\"valueName\":\"search_term_string\"}}],\"inLanguage\":\"lv-LV\"},{\"@type\":\"Person\",\"@id\":\"https:\\\/\\\/jaaaeg.ee\\\/ru\\\/#\\\/schema\\\/person\\\/a97b7447393885c5113030513992b091\",\"name\":\"K\u00e4trin Beljaev\",\"image\":{\"@type\":\"ImageObject\",\"inLanguage\":\"lv-LV\",\"@id\":\"https:\\\/\\\/secure.gravatar.com\\\/avatar\\\/8557002c507d59adca2062112d9805f52aa92fdbb3853b664b2b792c1e45b205?s=96&d=mm&r=g\",\"url\":\"https:\\\/\\\/secure.gravatar.com\\\/avatar\\\/8557002c507d59adca2062112d9805f52aa92fdbb3853b664b2b792c1e45b205?s=96&d=mm&r=g\",\"contentUrl\":\"https:\\\/\\\/secure.gravatar.com\\\/avatar\\\/8557002c507d59adca2062112d9805f52aa92fdbb3853b664b2b792c1e45b205?s=96&d=mm&r=g\",\"caption\":\"K\u00e4trin Beljaev\"},\"url\":\"https:\\\/\\\/jaaaeg.ee\\\/lv\\\/author\\\/katrin\\\/\"}]}<\/script>\n<!-- \/ Yoast SEO plugin. -->","yoast_head_json":{"title":"Spring holiday - J\u00e4\u00e4aja Keskus","robots":{"index":"index","follow":"follow","max-snippet":"max-snippet:-1","max-image-preview":"max-image-preview:large","max-video-preview":"max-video-preview:-1"},"canonical":"https:\/\/jaaaeg.ee\/lv\/kevadpuha\/","og_locale":"lv_LV","og_type":"article","og_title":"Spring holiday - J\u00e4\u00e4aja Keskus","og_description":"\ud83c\udf3f Spring Holiday at the Ice Age Centre On May 1, we are open and launching the summer season!This means the Ice Age Centre is now open every day from 11 -18 Bring the whole family and come explore the springtime shores of Lake Saadj\u00e4rv, while taking an exciting journey through the Ice Age, nature,... Las\u012bt vair\u0101k","og_url":"https:\/\/jaaaeg.ee\/lv\/kevadpuha\/","og_site_name":"J\u00e4\u00e4aja Keskus","article_publisher":"https:\/\/www.facebook.com\/JaaajaKeskus\/","article_published_time":"2026-04-29T11:52:20+00:00","article_modified_time":"2026-04-29T12:13:28+00:00","og_image":[{"width":2560,"height":1440,"url":"https:\/\/jaaaeg.ee\/wp-content\/uploads\/2026\/04\/TELEKAS-_katrin_uued-ja-vanad-variandid-1-1-scaled.jpg","type":"image\/jpeg"}],"author":"K\u00e4trin Beljaev","twitter_card":"summary_large_image","twitter_misc":{"Written by":"K\u00e4trin Beljaev","Est. reading time":"1 minute"},"schema":{"@context":"https:\/\/schema.org","@graph":[{"@type":"Article","@id":"https:\/\/jaaaeg.ee\/lv\/kevadpuha\/#article","isPartOf":{"@id":"https:\/\/jaaaeg.ee\/lv\/kevadpuha\/"},"author":{"name":"K\u00e4trin Beljaev","@id":"https:\/\/jaaaeg.ee\/ru\/#\/schema\/person\/a97b7447393885c5113030513992b091"},"headline":"Spring holiday","datePublished":"2026-04-29T11:52:20+00:00","dateModified":"2026-04-29T12:13:28+00:00","mainEntityOfPage":{"@id":"https:\/\/jaaaeg.ee\/lv\/kevadpuha\/"},"wordCount":121,"image":{"@id":"https:\/\/jaaaeg.ee\/lv\/kevadpuha\/#primaryimage"},"thumbnailUrl":"https:\/\/jaaaeg.ee\/wp-content\/uploads\/2026\/04\/TELEKAS-_katrin_uued-ja-vanad-variandid-1-1-scaled.jpg","articleSection":["Kuva esilehel","\u00dcritus"],"inLanguage":"lv-LV"},{"@type":"WebPage","@id":"https:\/\/jaaaeg.ee\/lv\/kevadpuha\/","url":"https:\/\/jaaaeg.ee\/lv\/kevadpuha\/","name":"Spring holiday - J\u00e4\u00e4aja Keskus","isPartOf":{"@id":"https:\/\/jaaaeg.ee\/ru\/#website"},"primaryImageOfPage":{"@id":"https:\/\/jaaaeg.ee\/lv\/kevadpuha\/#primaryimage"},"image":{"@id":"https:\/\/jaaaeg.ee\/lv\/kevadpuha\/#primaryimage"},"thumbnailUrl":"https:\/\/jaaaeg.ee\/wp-content\/uploads\/2026\/04\/TELEKAS-_katrin_uued-ja-vanad-variandid-1-1-scaled.jpg","datePublished":"2026-04-29T11:52:20+00:00","dateModified":"2026-04-29T12:13:28+00:00","author":{"@id":"https:\/\/jaaaeg.ee\/ru\/#\/schema\/person\/a97b7447393885c5113030513992b091"},"breadcrumb":{"@id":"https:\/\/jaaaeg.ee\/lv\/kevadpuha\/#breadcrumb"},"inLanguage":"lv-LV","potentialAction":[{"@type":"ReadAction","target":["https:\/\/jaaaeg.ee\/lv\/kevadpuha\/"]}]},{"@type":"ImageObject","inLanguage":"lv-LV","@id":"https:\/\/jaaaeg.ee\/lv\/kevadpuha\/#primaryimage","url":"https:\/\/jaaaeg.ee\/wp-content\/uploads\/2026\/04\/TELEKAS-_katrin_uued-ja-vanad-variandid-1-1-scaled.jpg","contentUrl":"https:\/\/jaaaeg.ee\/wp-content\/uploads\/2026\/04\/TELEKAS-_katrin_uued-ja-vanad-variandid-1-1-scaled.jpg","width":2560,"height":1440,"caption":"kevadp\u00fcha 2026"},{"@type":"BreadcrumbList","@id":"https:\/\/jaaaeg.ee\/lv\/kevadpuha\/#breadcrumb","itemListElement":[{"@type":"ListItem","position":1,"name":"Home","item":"https:\/\/jaaaeg.ee\/lv\/"},{"@type":"ListItem","position":2,"name":"Spring holiday"}]},{"@type":"WebSite","@id":"https:\/\/jaaaeg.ee\/ru\/#website","url":"https:\/\/jaaaeg.ee\/ru\/","name":"J\u00e4\u00e4aja Keskus","description":"avastamisr\u00f5\u00f5m igas vanuses k\u00fclastajatele","potentialAction":[{"@type":"SearchAction","target":{"@type":"EntryPoint","urlTemplate":"https:\/\/jaaaeg.ee\/ru\/?s={search_term_string}"},"query-input":{"@type":"PropertyValueSpecification","valueRequired":true,"valueName":"search_term_string"}}],"inLanguage":"lv-LV"},{"@type":"Person","@id":"https:\/\/jaaaeg.ee\/ru\/#\/schema\/person\/a97b7447393885c5113030513992b091","name":"K\u00e4trin Beljaev","image":{"@type":"ImageObject","inLanguage":"lv-LV","@id":"https:\/\/secure.gravatar.com\/avatar\/8557002c507d59adca2062112d9805f52aa92fdbb3853b664b2b792c1e45b205?s=96&d=mm&r=g","url":"https:\/\/secure.gravatar.com\/avatar\/8557002c507d59adca2062112d9805f52aa92fdbb3853b664b2b792c1e45b205?s=96&d=mm&r=g","contentUrl":"https:\/\/secure.gravatar.com\/avatar\/8557002c507d59adca2062112d9805f52aa92fdbb3853b664b2b792c1e45b205?s=96&d=mm&r=g","caption":"K\u00e4trin Beljaev"},"url":"https:\/\/jaaaeg.ee\/lv\/author\/katrin\/"}]}},"_links":{"self":[{"href":"https:\/\/jaaaeg.ee\/lv\/wp-json\/wp\/v2\/posts\/34212","targetHints":{"allow":["GET"]}}],"collection":[{"href":"https:\/\/jaaaeg.ee\/lv\/wp-json\/wp\/v2\/posts"}],"about":[{"href":"https:\/\/jaaaeg.ee\/lv\/wp-json\/wp\/v2\/types\/post"}],"author":[{"embeddable":true,"href":"https:\/\/jaaaeg.ee\/lv\/wp-json\/wp\/v2\/users\/9"}],"replies":[{"embeddable":true,"href":"https:\/\/jaaaeg.ee\/lv\/wp-json\/wp\/v2\/comments?post=34212"}],"version-history":[{"count":3,"href":"https:\/\/jaaaeg.ee\/lv\/wp-json\/wp\/v2\/posts\/34212\/revisions"}],"predecessor-version":[{"id":34227,"href":"https:\/\/jaaaeg.ee\/lv\/wp-json\/wp\/v2\/posts\/34212\/revisions\/34227"}],"wp:featuredmedia":[{"embeddable":true,"href":"https:\/\/jaaaeg.ee\/lv\/wp-json\/wp\/v2\/media\/34206"}],"wp:attachment":[{"href":"https:\/\/jaaaeg.ee\/lv\/wp-json\/wp\/v2\/media?parent=34212"}],"wp:term":[{"taxonomy":"category","embeddable":true,"href":"https:\/\/jaaaeg.ee\/lv\/wp-json\/wp\/v2\/categories?post=34212"},{"taxonomy":"post_tag","embeddable":true,"href":"https:\/\/jaaaeg.ee\/lv\/wp-json\/wp\/v2\/tags?post=34212"}],"curies":[{"name":"wp","href":"https:\/\/api.w.org\/{rel}","templated":true}]}}